{"id":857,"date":"2013-12-29T22:09:46","date_gmt":"2013-12-29T21:09:46","guid":{"rendered":"http:\/\/mycityofbeauty.com\/?p=857"},"modified":"2016-10-06T00:15:01","modified_gmt":"2016-10-05T22:15:01","slug":"recenzja-garnier-naturalna-pielegnacja-ultra-doux-odzywka-do-wlosow-zniszczonych-awokado-i-maslo-karite","status":"publish","type":"post","link":"https:\/\/mycityofbeauty.com\/?p=857","title":{"rendered":"Recenzja: Garnier Naturalna Piel\u0119gnacja [Ultra Doux], Od\u017cywka do w\u0142os\u00f3w zniszczonych `Awokado i mas\u0142o karit\u00e9`"},"content":{"rendered":"<h1>Garnier Ultra Doux &#8211; recenzja<\/h1>\n<p style=\"text-align: justify;\">Na od\u017cywk\u0119 Garnier Ultra Doux z Avokado i mas\u0142em Karite skusi\u0142am si\u0119 pod wp\u0142ywem wielu pochlebnych recenzji znanych w\u0142osomaniaczek. G\u0142\u00f3wnym zadaniem stawianym przeze mnie\u00a0 by\u0142o pozbycie si\u0119 elektryzowania w\u0142os\u00f3w, z kt\u00f3rym w sezonie grzewczym mam nie lada problem.<a href=\"http:\/\/mycityofbeauty.com\/?attachment_id=858\" rel=\"attachment wp-att-858\"><img loading=\"lazy\" decoding=\"async\" class=\"aligncenter size-medium wp-image-858\" src=\"http:\/\/mycityofbeauty.com\/wp-content\/uploads\/2013\/12\/hvh-225x300.jpg\" alt=\"\" width=\"225\" height=\"300\" srcset=\"https:\/\/mycityofbeauty.com\/wp-content\/uploads\/2013\/12\/hvh-225x300.jpg 225w, https:\/\/mycityofbeauty.com\/wp-content\/uploads\/2013\/12\/hvh-768x1024.jpg 768w, https:\/\/mycityofbeauty.com\/wp-content\/uploads\/2013\/12\/hvh-700x933.jpg 700w, https:\/\/mycityofbeauty.com\/wp-content\/uploads\/2013\/12\/hvh.jpg 1224w\" sizes=\"auto, (max-width: 225px) 100vw, 225px\" \/><\/a><\/p>\n<p>Jak zwykle przez zakupem sprawdzi\u0142am sk\u0142ad, kt\u00f3ry wyda\u0142 mi si\u0119 niezwykle kusz\u0105cy (jego analiza poni\u017cej). Cena kosmetyku to od 5 z\u0142 w biedronce do 8-12 z\u0142 w r\u00f3\u017cnych drogeriach. Z \u017c\u00f3\u0142tego, mi\u0119kkiego, plastikowego opakowania\u00a0 bez problemu wyciska si\u0119 produkt o niezwykle przyjemnym zapachu-budyniu waniliowego. Po u\u017cyciu te\u017c od\u017cywki nie mog\u0119 odgoni\u0107 w\u0119sz\u0105cego w moich puklach narzeczonego ( kiedy\u015b mi chyba dziur\u0119 nosem wydr\u0105\u017cy w g\u0142owie :P). Na moich d\u0142ugich w\u0142osach zapach utrzymuj\u0119 si\u0119 oko\u0142o 2 dni.\u00a0 Zostawiam j\u0105 na w\u0142osach oko\u0142o 5 minut po czym sp\u0142ukuj\u0119 letnia wod\u0105.<\/p>\n<h4><span style=\"text-decoration: underline;\">Teraz najwa\u017cniejsza kwestia czyli dzia\u0142anie: <\/span><\/h4>\n<h4><span style=\"text-decoration: underline;\">na moich porowatych, elektryzuj\u0105cych si\u0119, suchych na ko\u0144cach w\u0142osach to strza\u0142 w dziesi\u0105tk\u0119.<\/span><\/h4>\n<ul>\n<li>mocno nawil\u017ca<\/li>\n<li>w\u0142osy s\u0105 sypkie i mi\u0119ciutkie<\/li>\n<li>l\u015bni\u0105 jak zwariowane<\/li>\n<li>u\u0142atwia rozczesywanie ( je\u015bli macie z tym problem polecam m\u00f3j spos\u00f3b: rozczesanie w\u0142os\u00f3w tu\u017c przed myciem, a po umyciu rozczesywanie dopiero gdy s\u0105\u00a0 suche)<\/li>\n<li>\u00a0nie obci\u0105\u017ca moich w\u0142os\u00f3w (jednak spotka\u0142am si\u0119 z opiniami innych dziewczyn, \u017ce u nich to robi &#8211; polecam wtedy nak\u0142ada\u0107 j\u0105 10-15 cm od sk\u00f3ry g\u0142owy i po problemie)<\/li>\n<li>\u00a0zapobiega elektryzowaniu ( z czego jestem najbardziej zadowolona)<\/li>\n<\/ul>\n<p>&nbsp;<\/p>\n<h3>Opis Producenta:<\/h3>\n<p>Wyj\u0105tkowa receptura, aby od\u017cywia\u0107 w\u0142osy bardzo suche i zniszczone. Szampon Garnier Ultra Doux \u0142\u0105czy olejek z awokado znany ze swoich w\u0142a\u015bciwo\u015bci uelastyczniaj\u0105cych z wysoce od\u017cywczym mas\u0142em karite w kremowej i apetycznej formule, bez obci\u0105\u017cania w\u0142os\u00f3w;<\/p>\n<h2>Analiza sk\u0142adu Garnier Ultra Doux:<\/h2>\n<div class=\"separator\" style=\"clear: both; text-align: left;\">Aqua\/Water -woda<\/div>\n<div class=\"separator\" style=\"clear: both; text-align: left;\">Cetearyl Alcohol &#8211; emolient chroni w\u0142osy przed\u00a0 utrat\u0105 wilgoci, uelastycznia i zmi\u0119kcza.<\/div>\n<div class=\"separator\" style=\"clear: both; text-align: left;\">Elaeis Guineensis Oil\/Palm Oil &#8211; olej palmowy.<\/div>\n<div class=\"separator\" style=\"clear: both; text-align: left;\">Behentrimonium Chloride\u00a0&#8211; syntetyk\u00a0 myj\u0105cy w\u0142osy i sk\u00f3r\u0119 g\u0142owy, u\u0142atwiaj\u0105cy rozczesywanie.<\/div>\n<div class=\"separator\" style=\"clear: both; text-align: left;\">Cl 15985\/Yellow 6, Cl 19140\/Yellow 5 &#8211; barwniki.<\/div>\n<div class=\"separator\" style=\"clear: both; text-align: left;\">Stearamidopropyl Dimethylamine &#8211; poprawia struktur\u0119 w\u0142os\u00f3w.<\/div>\n<div class=\"separator\" style=\"clear: both; text-align: left;\">Chlohexidine Dihydrochloride &#8211; konserwant<\/div>\n<div class=\"separator\" style=\"clear: both; text-align: left;\">Persea Gratissima Oil\/Avocado Oil\u00a0&#8211; olej avokado.<\/div>\n<div class=\"separator\" style=\"clear: both; text-align: left;\">Citric Acid &#8211; konserwant<\/div>\n<div class=\"separator\" style=\"clear: both; text-align: left;\">Butyrospermum Parkii Butter\/Shea Butter &#8211; emolient, substancja aktywna<\/div>\n<div class=\"separator\" style=\"clear: both; text-align: left;\">Hexyl Cinnamal &#8211; substancja zapachowa<\/div>\n<div class=\"separator\" style=\"clear: both; text-align: left;\">Glycerin &#8211; humektant, \u015brodek rozpuszczaj\u0105cy.<\/div>\n<div class=\"separator\" style=\"clear: both; text-align: left;\">Parfum\/Fragrance (Fil C39789\/1) &#8211; \u015brodek zapachowy.<\/div>\n<div class=\"separator\" style=\"clear: both; text-align: left;\"><\/div>\n<div class=\"separator\" style=\"clear: both; text-align: left;\"><\/div>\n<h2>Podsumowanie:<\/h2>\n<p>Mamy tutaj do czynienia z naprawd\u0119 \u015bwietnym produktem o dobrym sk\u0142adzie za nisk\u0105 cen\u0119. Polecam go ka\u017cdemu. Gdyby si\u0119 nie sprawdzi\u0142 zawsze mo\u017cecie zu\u017cy\u0107 go np. do depilacji n\u00f3g (brak zaci\u0119\u0107 gwarantowany).<\/p>\n","protected":false},"excerpt":{"rendered":"<p>Garnier Ultra Doux &#8211; recenzja Na od\u017cywk\u0119 Garnier Ultra Doux z Avokado i mas\u0142em Karite skusi\u0142am si\u0119 pod wp\u0142ywem wielu pochlebnych recenzji znanych w\u0142osomaniaczek. G\u0142\u00f3wnym zadaniem stawianym przeze mnie\u00a0 by\u0142o pozbycie si\u0119 elektryzowania w\u0142os\u00f3w, z kt\u00f3rym w sezonie grzewczym mam nie lada problem. Jak zwykle przez zakupem sprawdzi\u0142am sk\u0142ad, kt\u00f3ry wyda\u0142 mi si\u0119 niezwykle kusz\u0105cy&hellip; <a class=\"more-link\" href=\"https:\/\/mycityofbeauty.com\/?p=857\">Continue reading <span class=\"screen-reader-text\">Recenzja: Garnier Naturalna Piel\u0119gnacja [Ultra Doux], Od\u017cywka do w\u0142os\u00f3w zniszczonych `Awokado i mas\u0142o karit\u00e9`<\/span><\/a><\/p>\n","protected":false},"author":2,"featured_media":858,"comment_status":"open","ping_status":"open","sticky":false,"template":"","format":"standard","meta":{"_exactmetrics_skip_tracking":false,"_exactmetrics_sitenote_active":false,"_exactmetrics_sitenote_note":"","_exactmetrics_sitenote_category":0,"footnotes":""},"categories":[377,22],"tags":[526,522,397,30,525,523,466,524],"class_list":["post-857","post","type-post","status-publish","format-standard","has-post-thumbnail","hentry","category-recenzje","category-wlosy","tag-avokado-i-maslo-karite","tag-garnier","tag-odzywka-kremowa-do-wlosow","tag-pielegnacja-wlosow","tag-regeneracja","tag-suche-wlosy","tag-wlosy-2","tag-zniszczone-wlosy","entry"],"_links":{"self":[{"href":"https:\/\/mycityofbeauty.com\/index.php?rest_route=\/wp\/v2\/posts\/857","targetHints":{"allow":["GET"]}}],"collection":[{"href":"https:\/\/mycityofbeauty.com\/index.php?rest_route=\/wp\/v2\/posts"}],"about":[{"href":"https:\/\/mycityofbeauty.com\/index.php?rest_route=\/wp\/v2\/types\/post"}],"author":[{"embeddable":true,"href":"https:\/\/mycityofbeauty.com\/index.php?rest_route=\/wp\/v2\/users\/2"}],"replies":[{"embeddable":true,"href":"https:\/\/mycityofbeauty.com\/index.php?rest_route=%2Fwp%2Fv2%2Fcomments&post=857"}],"version-history":[{"count":12,"href":"https:\/\/mycityofbeauty.com\/index.php?rest_route=\/wp\/v2\/posts\/857\/revisions"}],"predecessor-version":[{"id":1442,"href":"https:\/\/mycityofbeauty.com\/index.php?rest_route=\/wp\/v2\/posts\/857\/revisions\/1442"}],"wp:featuredmedia":[{"embeddable":true,"href":"https:\/\/mycityofbeauty.com\/index.php?rest_route=\/wp\/v2\/media\/858"}],"wp:attachment":[{"href":"https:\/\/mycityofbeauty.com\/index.php?rest_route=%2Fwp%2Fv2%2Fmedia&parent=857"}],"wp:term":[{"taxonomy":"category","embeddable":true,"href":"https:\/\/mycityofbeauty.com\/index.php?rest_route=%2Fwp%2Fv2%2Fcategories&post=857"},{"taxonomy":"post_tag","embeddable":true,"href":"https:\/\/mycityofbeauty.com\/index.php?rest_route=%2Fwp%2Fv2%2Ftags&post=857"}],"curies":[{"name":"wp","href":"https:\/\/api.w.org\/{rel}","templated":true}]}}