{"id":697,"date":"2013-02-08T19:39:18","date_gmt":"2013-02-08T18:39:18","guid":{"rendered":"http:\/\/mycityofbeauty.com\/?p=697"},"modified":"2013-02-20T17:03:54","modified_gmt":"2013-02-20T16:03:54","slug":"kallos-crema-al-latte-mleczna-odzywka-kremowa-do-wlosow-recenzja","status":"publish","type":"post","link":"https:\/\/mycityofbeauty.com\/?p=697","title":{"rendered":"Kallos Crema al Latte Mleczna od\u017cywka kremowa do w\u0142os\u00f3w &#8211; recenzja"},"content":{"rendered":"<p>Po przeczytaniu licznych pochlebnych opinii w Internecie na temat tej od\u017cywki postanowi\u0142am j\u0105 kupi\u0107. Znalaz\u0142am j\u0105 w sklepie fryzjerskim w podziemiach obok Z\u0142otych Taras\u00f3w w Warszawie. Do wyboru by\u0142o litrowe opakowanie za 12 z\u0142 oraz 275ml za 6 z\u0142. Wybra\u0142am te mniejsze, na pr\u00f3b\u0119. Ma przyjemny kokosowo \u2013mleczno &#8211; waniliowy zapach, mi\u0142\u0105, kremow\u0105 konsystencje (nie sp\u0142ywa z g\u0142owy), jest wydajny, ma bardzo dobry sk\u0142ad. Na pewno nie szkodzi w\u0142osom, jednak pok\u0142ada\u0142am w nim spore nadzieje, moje porowate w\u0142osy chyba nie lubi\u0105 protein, poniewa\u017c po normalnym myciu i na\u0142o\u017ceniu od\u017cywki tak jak i 30 minutowym kompresie s\u0105 sianowate, matowe, ci\u0119\u017cko si\u0119 rozczesuj\u0105. Znakomicie, natomiast sprawdza si\u0119 gdy stosuj\u0119 go po ca\u0142onocnym olejowaniu w\u0142os\u00f3w i teraz u\u017cywam go tylko wtedy.<\/p>\n<p>&nbsp;<\/p>\n<figure id=\"attachment_698\" aria-describedby=\"caption-attachment-698\" style=\"width: 300px\" class=\"wp-caption aligncenter\"><a href=\"http:\/\/mycityofbeauty.com\/?attachment_id=698\" rel=\"attachment wp-att-698\"><img loading=\"lazy\" decoding=\"async\" class=\"size-medium wp-image-698\" alt=\"Kallos Crema al Latte Mleczna od\u017cywka kremowa do w\u0142os\u00f3w - recenzja\" src=\"http:\/\/mycityofbeauty.com\/wp-content\/uploads\/2013\/02\/PIC_0048-300x225.jpg\" width=\"300\" height=\"225\" srcset=\"https:\/\/mycityofbeauty.com\/wp-content\/uploads\/2013\/02\/PIC_0048-300x225.jpg 300w, https:\/\/mycityofbeauty.com\/wp-content\/uploads\/2013\/02\/PIC_0048-1024x768.jpg 1024w, https:\/\/mycityofbeauty.com\/wp-content\/uploads\/2013\/02\/PIC_0048-700x525.jpg 700w\" sizes=\"auto, (max-width: 300px) 100vw, 300px\" \/><\/a><figcaption id=\"caption-attachment-698\" class=\"wp-caption-text\">Kallos Crema al Latte Mleczna od\u017cywka kremowa do w\u0142os\u00f3w &#8211; recenzja<\/figcaption><\/figure>\n<p><strong>Opis producenta:<\/strong> Dzi\u0119ki proteinom pozyskanym z mleka krem wspaniale nadaje si\u0119 do ka\u017cdego rodzaju w\u0142os\u00f3w, pozostawiaj\u0105c je delikatne i od\u017cywione. Doskona\u0142y do zregenerowania w\u0142os\u00f3w os\u0142abionych przez rozja\u015bnianie, farbowanie oraz trwa\u0142\u0105 ondulacj\u0119.<\/p>\n<p>Wyst\u0119puje w 3 pojemno\u015bciach: 275ml, 800ml i 1000ml.<\/p>\n<p>&nbsp;<\/p>\n<p><strong>Sk\u0142ad:<\/strong> Aqua, Cetearyl Alcohol, Methosulfate, Parfum, Phenoxyethanol, Methyldibromo Glutaronitrile, Hydroxypropyltrimonium Hydrolized Casein, Citric Acid, Hydrolized Milk Protein, Methylchloroisothiazolinone, Sodium Cocoyl Glutamate, Methylisothiazolinone.<\/p>\n","protected":false},"excerpt":{"rendered":"<p>Po przeczytaniu licznych pochlebnych opinii w Internecie na temat tej od\u017cywki postanowi\u0142am j\u0105 kupi\u0107. Znalaz\u0142am j\u0105 w sklepie fryzjerskim w podziemiach obok Z\u0142otych Taras\u00f3w w Warszawie. Do wyboru by\u0142o litrowe opakowanie za 12 z\u0142 oraz 275ml za 6 z\u0142. Wybra\u0142am te mniejsze, na pr\u00f3b\u0119. Ma przyjemny kokosowo \u2013mleczno &#8211; waniliowy zapach, mi\u0142\u0105, kremow\u0105 konsystencje (nie&hellip; <a class=\"more-link\" href=\"https:\/\/mycityofbeauty.com\/?p=697\">Continue reading <span class=\"screen-reader-text\">Kallos Crema al Latte Mleczna od\u017cywka kremowa do w\u0142os\u00f3w &#8211; recenzja<\/span><\/a><\/p>\n","protected":false},"author":2,"featured_media":0,"comment_status":"open","ping_status":"open","sticky":false,"template":"","format":"standard","meta":{"_exactmetrics_skip_tracking":false,"_exactmetrics_sitenote_active":false,"_exactmetrics_sitenote_note":"","_exactmetrics_sitenote_category":0,"footnotes":""},"categories":[377,16],"tags":[399,400,154,398,384,397,365,287,396],"class_list":["post-697","post","type-post","status-publish","format-standard","hentry","category-recenzje","category-uroda","tag-do-wlosow","tag-kallos-crema-al-latte","tag-kosmetyk","tag-maska","tag-moja-opinia","tag-odzywka-kremowa-do-wlosow","tag-opis-producenta","tag-recenzja","tag-sklad","entry"],"_links":{"self":[{"href":"https:\/\/mycityofbeauty.com\/index.php?rest_route=\/wp\/v2\/posts\/697","targetHints":{"allow":["GET"]}}],"collection":[{"href":"https:\/\/mycityofbeauty.com\/index.php?rest_route=\/wp\/v2\/posts"}],"about":[{"href":"https:\/\/mycityofbeauty.com\/index.php?rest_route=\/wp\/v2\/types\/post"}],"author":[{"embeddable":true,"href":"https:\/\/mycityofbeauty.com\/index.php?rest_route=\/wp\/v2\/users\/2"}],"replies":[{"embeddable":true,"href":"https:\/\/mycityofbeauty.com\/index.php?rest_route=%2Fwp%2Fv2%2Fcomments&post=697"}],"version-history":[{"count":2,"href":"https:\/\/mycityofbeauty.com\/index.php?rest_route=\/wp\/v2\/posts\/697\/revisions"}],"predecessor-version":[{"id":754,"href":"https:\/\/mycityofbeauty.com\/index.php?rest_route=\/wp\/v2\/posts\/697\/revisions\/754"}],"wp:attachment":[{"href":"https:\/\/mycityofbeauty.com\/index.php?rest_route=%2Fwp%2Fv2%2Fmedia&parent=697"}],"wp:term":[{"taxonomy":"category","embeddable":true,"href":"https:\/\/mycityofbeauty.com\/index.php?rest_route=%2Fwp%2Fv2%2Fcategories&post=697"},{"taxonomy":"post_tag","embeddable":true,"href":"https:\/\/mycityofbeauty.com\/index.php?rest_route=%2Fwp%2Fv2%2Ftags&post=697"}],"curies":[{"name":"wp","href":"https:\/\/api.w.org\/{rel}","templated":true}]}}