{"id":453,"date":"2012-12-19T18:18:39","date_gmt":"2012-12-19T17:18:39","guid":{"rendered":"http:\/\/mycityofbeauty.com\/?p=453"},"modified":"2013-02-14T12:03:34","modified_gmt":"2013-02-14T11:03:34","slug":"recenzja-3-chenes-color-soin","status":"publish","type":"post","link":"https:\/\/mycityofbeauty.com\/?p=453","title":{"rendered":"Recenzja aptecznej farby do w\u0142os\u00f3w 3 CHENES Color&amp;Soin 6N ciemny blond"},"content":{"rendered":"<p>Swoje w\u0142osy ostatni raz farbowa\u0142am 3 miesi\u0105ce temu. Kolor by\u0142 wyp\u0142owia\u0142y, by\u0142o te\u017c du\u017co siwych w\u0142os\u00f3w i spory odrost. Tak wi\u0119c nadszed\u0142 ju\u017c ten czas by si\u0119gn\u0105\u0107 po farb\u0119 do w\u0142os\u00f3w czego zawsze panicznie si\u0119 obawiam \ud83d\ude1b Po swoich przygodach z licznymi szamponami koloryzuj\u0105cymi (Palette, Loreal Casting, Garnier), kt\u00f3re maj\u0105 mniej niszczy\u0107 co jest nie prawd\u0105 (nie maj\u0105 amoniaku ale maj\u0105 np. sole amonowe co jest tym samym)\u00a0 i nie zawsze\u00a0 pokrywaj\u0105 dobrze siwe w\u0142osy. Zdecydowa\u0142am si\u0119 na u\u017cycie farby aptecznej. Szperaj\u0105c w sieci i czytaj\u0105c liczne opinie wybra\u0142am Color&amp;Soin kolor 6N ciemny blond. Podoba mi si\u0119, \u017ce na opakowaniu farby jest widoczny tylko kolor w\u0142os\u00f3w, a nie pi\u0119kna pani, kt\u00f3ra pod\u015bwiadomie kieruje moim wyborem ( i tu anegdotka kiedy\u015b zapyta\u0142am swojego ojczulka, o to kt\u00f3ra farb\u0119 wybra\u0107 po czym us\u0142ysza\u0142am- \u201ewe\u017a dziecko t\u0105, bo ta druga ma jaki\u015b brzydki nos\u201d \ud83d\ude1b )<\/p>\n<p><strong><a href=\"http:\/\/mycityofbeauty.com\/wp-content\/uploads\/2012\/12\/les-3-chenes-color-soin-coloration-blond-fonce1.jpg\"><img loading=\"lazy\" decoding=\"async\" class=\"alignleft size-full wp-image-492\" title=\"les-3-chenes-color-soin-coloration-blond-fonce\" alt=\"\" src=\"http:\/\/mycityofbeauty.com\/wp-content\/uploads\/2012\/12\/les-3-chenes-color-soin-coloration-blond-fonce1.jpg\" width=\"300\" height=\"300\" srcset=\"https:\/\/mycityofbeauty.com\/wp-content\/uploads\/2012\/12\/les-3-chenes-color-soin-coloration-blond-fonce1.jpg 300w, https:\/\/mycityofbeauty.com\/wp-content\/uploads\/2012\/12\/les-3-chenes-color-soin-coloration-blond-fonce1-150x150.jpg 150w, https:\/\/mycityofbeauty.com\/wp-content\/uploads\/2012\/12\/les-3-chenes-color-soin-coloration-blond-fonce1-50x50.jpg 50w\" sizes=\"auto, (max-width: 300px) 100vw, 300px\" \/><\/a>Opis producenta:<\/strong> Color &amp; Soin to najwy\u017cszej jako\u015bci francuska farba do w\u0142os\u00f3w. Trwa\u0142a, pokrywaj\u0105ca 100% siwych w\u0142os\u00f3w, wyprodukowana na bazie ekstrakt\u00f3w ro\u015blinnych, kt\u00f3re nie niszcz\u0105 w\u0142os\u00f3w, nie powoduj\u0105 podra\u017cnie\u0144 i odczyn\u00f3w alergicznych sk\u00f3ry. W sk\u0142adzie nie ma m.in. szkodliwego amoniaku, rezorcyny, parabenu, niklu, substancji zapachowych i perfum &#8211; dlatego ta farba mo\u017ce by\u0107 r\u00f3wnie\u017c stosowana przez osoby ze sk\u0142onno\u015bciami do alergii, kobiety ci\u0119\u017carne i karmi\u0105ce oraz osoby po chemioterapii.<\/p>\n<p>&nbsp;<\/p>\n<p>Dzi\u0119ki piel\u0119gnacyjnej formule o podw\u00f3jnym dzia\u0142aniu nadaje w\u0142osom wyrazisty kolor, zachowuj\u0105c ich pi\u0119kno, witalno\u015b\u0107 i pe\u0142nie blasku.<\/p>\n<p>Color &amp; Soin- paleta 26 odcieni dla w\u0142os\u00f3w jeszcze pi\u0119kniejszych, mocniejszych i jedwabi\u015bcie mi\u0119kkich.<\/p>\n<p>Farby do w\u0142os\u00f3w zosta\u0142y przetestowane w procesie kontroli dermatologicznej. Opracowane z uwzgl\u0119dnieniem natury w\u0142os\u00f3w minimalizuj\u0105 podra\u017cnienia sk\u00f3ry i ryzyko wyst\u0105pienia alergii.<\/p>\n<p>Dost\u0119pne wy\u0142\u0105cznie w aptekach.<\/p>\n<p>&nbsp;<\/p>\n<p><a href=\"http:\/\/mycityofbeauty.com\/wp-content\/uploads\/2012\/12\/6N-pude\u0142ko-horz.jpg\"><img loading=\"lazy\" decoding=\"async\" class=\"aligncenter size-medium wp-image-463\" alt=\"6N pude\u0142ko\" src=\"http:\/\/mycityofbeauty.com\/wp-content\/uploads\/2012\/12\/6N-pude\u0142ko-horz-300x214.jpg\" width=\"300\" height=\"214\" srcset=\"https:\/\/mycityofbeauty.com\/wp-content\/uploads\/2012\/12\/6N-pude\u0142ko-horz-300x214.jpg 300w, https:\/\/mycityofbeauty.com\/wp-content\/uploads\/2012\/12\/6N-pude\u0142ko-horz.jpg 400w\" sizes=\"auto, (max-width: 300px) 100vw, 300px\" \/><\/a><\/p>\n<p>&nbsp;<\/p>\n<p><strong>Z farb Color&amp;Soin wyeliminowano najbardziej szkodliwe i alergizuj\u0105ce substancje chemiczne takie jak:<\/strong><\/p>\n<ul>\n<li>amoniak, niszczy w\u0142osy, przesusza je, w\u0142osy staj\u0105 si\u0119 s\u0142abe i \u0142amliwe<\/li>\n<li>rezorcyna, powoduj\u0105ca alergie i uczulenia, podra\u017cnia sk\u00f3r\u0119 g\u0142owy<\/li>\n<li>parabeny, mog\u0105 dzia\u0142a\u0107 rakotw\u00f3rczo, wywo\u0142uj\u0105 podra\u017cnienia i alergiczne stany zapalne sk\u00f3ry<\/li>\n<li>perfumy i sztuczne substancje zapachowe, kt\u00f3re powoduj\u0105 alergie<\/li>\n<li>nikiel, ma dzia\u0142anie alergizuj\u0105ce i rakotw\u00f3rcze<\/li>\n<li>hydrochinon, na sk\u00f3r\u0119 g\u0142owy dzia\u0142a wysoce dra\u017cni\u0105co, wysusza i uszkadza tkanki,<\/li>\n<li>silikon, powoduje zatykanie por\u00f3w sk\u00f3ry i obci\u0105\u017canie w\u0142os\u00f3w<\/li>\n<li>SLS, silnie wysusza i podra\u017cnia sk\u00f3r\u0119 g\u0142owy, w nadmiarze cz\u0119sto wywo\u0142uje sw\u0119dzenie, wysypki i uczulenia oraz \u0142amliwo\u015b\u0107 i rozdwajanie w\u0142os\u00f3w<\/li>\n<\/ul>\n<p>W farbach Color&amp;Soin te najbardziej dra\u017cni\u0105ce i alergenne substancje zast\u0105piono tzw. fito sk\u0142adnikami, b\u0119d\u0105cymi;<\/p>\n<p><strong>Proteinami ro\u015blinnymi:<\/strong><\/p>\n<ul>\n<li>pszenicy- regeneruj\u0105 struktur\u0119 w\u0142osa i nawil\u017caj\u0105<\/li>\n<li>owsa- od\u017cywiaj\u0105 w\u0142osy<\/li>\n<li>kukurydzy- posiadaj\u0105ce w\u0142a\u015bciwo\u015bci nawil\u017caj\u0105ce<\/li>\n<li>soi- odbudowuj\u0105 i rekonstruuj\u0105 w\u0142os<\/li>\n<\/ul>\n<p><strong>Olejkami eterycznymi:<\/strong><\/p>\n<ul>\n<li>z rozmarynu, wspomagaj\u0105 wzrost i piel\u0119gnacj\u0119 w\u0142os\u00f3w, nadaj\u0105 im pi\u0119kny, jedwabisty po\u0142ysk, od\u017cywiaj\u0105 je i ograniczaj\u0105 nadmierne przet\u0142uszczanie<\/li>\n<li>z eukaliptusa, wzmacniaj\u0105 barier\u0119 lipidow\u0105 sk\u00f3ry \u2013w\u0142a\u015bciwo\u015bci koj\u0105ce i od\u015bwie\u017caj\u0105ce<\/li>\n<li>Olejkiem ro\u015blinnym z kokosa, \u0142agodzi podra\u017cnienia, wzmacnia w\u0142osy od nasady oraz piel\u0119gnuje w\u0142osy suche i zniszczone .<\/li>\n<\/ul>\n<p>&nbsp;<\/p>\n<p><span style=\"text-decoration: underline\"><strong>Nak\u0142adanie :<\/strong><\/span> Farba ma \u017celow\u0105 konsystencj\u0119 i jest wydajna-starczy\u0142a mi na ca\u0142e d\u0142ugie w\u0142osy . Zapach mocno zio\u0142owy raczej nie nale\u017cy do przyjemnych. Czas trzymania na g\u0142owie 35-40 min . Po up\u0142ywie tego czasu farb\u0119 sp\u0142ukujemy do uzyskania czystej wody i nak\u0142adamy do\u0142\u0105czony do opakowania balsam . Balsam ma \u017celow\u0105 konsystencj\u0119 i \u015brednio przyjemny zapach , za to w\u0142osy po nim s\u0105 mi\u0119kkie i niezwykle l\u015bni\u0105ce do tego stopnia , \u017ce zastanawiam si\u0119 nad kupnem pe\u0142nowymiarowego produktu.<\/p>\n<p><span style=\"color: #000000\"><strong><span style=\"text-decoration: underline\"><span style=\"text-decoration: underline\">Ko\u0144cowy efekt kolorystyczny :<\/span> <\/span><\/strong><\/span>Kolor jest niezwykle intensywny i l\u015bni\u0105cy. Nie poradzi\u0142 sobie jednak w 100% ze wszystkimi siwymi w\u0142osami . Kolory przedstawione na pr\u00f3bniku i opakowaniu farby ni jak si\u0119 maj\u0105 do efektu ko\u0144cowego . Dobrze sw\u00f3j wyb\u00f3r poprzedzi\u0107 poszukiwaniami w sieci rezultat\u00f3w u innych u\u017cytkowniczek . Dlatego tez do\u0142\u0105czam swoje zdj\u0119cia po koloryzacji.<\/p>\n<figure id=\"attachment_455\" aria-describedby=\"caption-attachment-455\" style=\"width: 225px\" class=\"wp-caption aligncenter\"><a href=\"http:\/\/mycityofbeauty.com\/wp-content\/uploads\/2012\/12\/colorsoin-6n-ciemny-blond.jpg\"><img loading=\"lazy\" decoding=\"async\" class=\"size-medium wp-image-455  \" title=\"3 chenes, color&amp;soin 6n ciemny blond\" alt=\"color&amp;soin, 3 chenes 6n ciemny blond \" src=\"http:\/\/mycityofbeauty.com\/wp-content\/uploads\/2012\/12\/colorsoin-6n-ciemny-blond-225x300.jpg\" width=\"225\" height=\"300\" srcset=\"https:\/\/mycityofbeauty.com\/wp-content\/uploads\/2012\/12\/colorsoin-6n-ciemny-blond-225x300.jpg 225w, https:\/\/mycityofbeauty.com\/wp-content\/uploads\/2012\/12\/colorsoin-6n-ciemny-blond-768x1024.jpg 768w, https:\/\/mycityofbeauty.com\/wp-content\/uploads\/2012\/12\/colorsoin-6n-ciemny-blond-700x933.jpg 700w\" sizes=\"auto, (max-width: 225px) 100vw, 225px\" \/><\/a><figcaption id=\"caption-attachment-455\" class=\"wp-caption-text\">color&amp;soin 6n ciemny blond (3 CHENES)<\/figcaption><\/figure>\n","protected":false},"excerpt":{"rendered":"<p>Swoje w\u0142osy ostatni raz farbowa\u0142am 3 miesi\u0105ce temu. Kolor by\u0142 wyp\u0142owia\u0142y, by\u0142o te\u017c du\u017co siwych w\u0142os\u00f3w i spory odrost. Tak wi\u0119c nadszed\u0142 ju\u017c ten czas by si\u0119gn\u0105\u0107 po farb\u0119 do w\u0142os\u00f3w czego zawsze panicznie si\u0119 obawiam \ud83d\ude1b Po swoich przygodach z licznymi szamponami koloryzuj\u0105cymi (Palette, Loreal Casting, Garnier), kt\u00f3re maj\u0105 mniej niszczy\u0107 co jest nie&hellip; <a class=\"more-link\" href=\"https:\/\/mycityofbeauty.com\/?p=453\">Continue reading <span class=\"screen-reader-text\">Recenzja aptecznej farby do w\u0142os\u00f3w 3 CHENES Color&amp;Soin 6N ciemny blond<\/span><\/a><\/p>\n","protected":false},"author":2,"featured_media":0,"comment_status":"open","ping_status":"open","sticky":false,"template":"","format":"standard","meta":{"_exactmetrics_skip_tracking":false,"_exactmetrics_sitenote_active":false,"_exactmetrics_sitenote_note":"","_exactmetrics_sitenote_category":0,"footnotes":""},"categories":[377,16],"tags":[306,385,386,382,305,304,303,384,365,287,302],"class_list":["post-453","post","type-post","status-publish","format-standard","hentry","category-recenzje","category-uroda","tag-3-chenes","tag-6n","tag-ciemny-blond","tag-dzialanie","tag-farba-z-apteki","tag-farby-z-apteki","tag-koloryzacja","tag-moja-opinia","tag-opis-producenta","tag-recenzja","tag-review","entry"],"_links":{"self":[{"href":"https:\/\/mycityofbeauty.com\/index.php?rest_route=\/wp\/v2\/posts\/453","targetHints":{"allow":["GET"]}}],"collection":[{"href":"https:\/\/mycityofbeauty.com\/index.php?rest_route=\/wp\/v2\/posts"}],"about":[{"href":"https:\/\/mycityofbeauty.com\/index.php?rest_route=\/wp\/v2\/types\/post"}],"author":[{"embeddable":true,"href":"https:\/\/mycityofbeauty.com\/index.php?rest_route=\/wp\/v2\/users\/2"}],"replies":[{"embeddable":true,"href":"https:\/\/mycityofbeauty.com\/index.php?rest_route=%2Fwp%2Fv2%2Fcomments&post=453"}],"version-history":[{"count":21,"href":"https:\/\/mycityofbeauty.com\/index.php?rest_route=\/wp\/v2\/posts\/453\/revisions"}],"predecessor-version":[{"id":459,"href":"https:\/\/mycityofbeauty.com\/index.php?rest_route=\/wp\/v2\/posts\/453\/revisions\/459"}],"wp:attachment":[{"href":"https:\/\/mycityofbeauty.com\/index.php?rest_route=%2Fwp%2Fv2%2Fmedia&parent=453"}],"wp:term":[{"taxonomy":"category","embeddable":true,"href":"https:\/\/mycityofbeauty.com\/index.php?rest_route=%2Fwp%2Fv2%2Fcategories&post=453"},{"taxonomy":"post_tag","embeddable":true,"href":"https:\/\/mycityofbeauty.com\/index.php?rest_route=%2Fwp%2Fv2%2Ftags&post=453"}],"curies":[{"name":"wp","href":"https:\/\/api.w.org\/{rel}","templated":true}]}}