{"id":383,"date":"2012-10-05T10:59:56","date_gmt":"2012-10-05T08:59:56","guid":{"rendered":"http:\/\/mycityofbeauty.com\/?p=383"},"modified":"2012-10-05T11:05:06","modified_gmt":"2012-10-05T09:05:06","slug":"jesienny-stroj-dnia-le-bassin-de-la-villette-paryz","status":"publish","type":"post","link":"https:\/\/mycityofbeauty.com\/?p=383","title":{"rendered":"Jesienny str\u00f3j dnia &#8211; Le Bassin de la Villette &#8211; Pary\u017c"},"content":{"rendered":"<p>W ten ciep\u0142y jesienny dzie\u0144 mam na sobie :<\/p>\n<p>Buty &#8212; kozaczki, Bazarek na Bemowie (Warszawa) Pawilon 198 ok. 300 z\u0142<\/p>\n<p>Rajstopy kryj\u0105ce, czarne 8\u20ac<\/p>\n<p>Spodenki, H&amp;M 9.95\u20ac<\/p>\n<p>Sweter, H&amp;M 39.95 \u20ac<\/p>\n<p>Szalik, jarmark \u015bwi\u0105teczny Champs \u00c9lys\u00e9es 60\u20ac<\/p>\n<p>Kolczyki Swarovski Bella poz\u0142acane 65\u20ac<\/p>\n<p>Branzoletka poz\u0142acana Lilou<\/p>\n","protected":false},"excerpt":{"rendered":"<p>W ten ciep\u0142y jesienny dzie\u0144 mam na sobie : Buty &#8212; kozaczki, Bazarek na Bemowie (Warszawa) Pawilon 198 ok. 300 z\u0142 Rajstopy kryj\u0105ce, czarne 8\u20ac Spodenki, H&amp;M 9.95\u20ac Sweter, H&amp;M 39.95 \u20ac Szalik, jarmark \u015bwi\u0105teczny Champs \u00c9lys\u00e9es 60\u20ac Kolczyki Swarovski Bella poz\u0142acane 65\u20ac Branzoletka poz\u0142acana Lilou<\/p>\n","protected":false},"author":1,"featured_media":0,"comment_status":"open","ping_status":"open","sticky":false,"template":"","format":"standard","meta":{"_exactmetrics_skip_tracking":false,"_exactmetrics_sitenote_active":false,"_exactmetrics_sitenote_note":"","_exactmetrics_sitenote_category":0,"footnotes":""},"categories":[1,267],"tags":[139,171,276,155,162,163,278,275,271,268,273,274,33,272,269,270,277],"class_list":["post-383","post","type-post","status-publish","format-standard","hentry","category-moda","category-stylizacje","tag-bazarek-na-bemowie","tag-branzoletka","tag-buty","tag-hm","tag-kamila","tag-kamisia","tag-kolczyki","tag-kozaki","tag-lilou","tag-ootd","tag-paris","tag-paryz","tag-pokaz-video","tag-stroj-dnia","tag-stylizacja","tag-swarovski","tag-sweter","entry"],"_links":{"self":[{"href":"https:\/\/mycityofbeauty.com\/index.php?rest_route=\/wp\/v2\/posts\/383","targetHints":{"allow":["GET"]}}],"collection":[{"href":"https:\/\/mycityofbeauty.com\/index.php?rest_route=\/wp\/v2\/posts"}],"about":[{"href":"https:\/\/mycityofbeauty.com\/index.php?rest_route=\/wp\/v2\/types\/post"}],"author":[{"embeddable":true,"href":"https:\/\/mycityofbeauty.com\/index.php?rest_route=\/wp\/v2\/users\/1"}],"replies":[{"embeddable":true,"href":"https:\/\/mycityofbeauty.com\/index.php?rest_route=%2Fwp%2Fv2%2Fcomments&post=383"}],"version-history":[{"count":5,"href":"https:\/\/mycityofbeauty.com\/index.php?rest_route=\/wp\/v2\/posts\/383\/revisions"}],"predecessor-version":[{"id":386,"href":"https:\/\/mycityofbeauty.com\/index.php?rest_route=\/wp\/v2\/posts\/383\/revisions\/386"}],"wp:attachment":[{"href":"https:\/\/mycityofbeauty.com\/index.php?rest_route=%2Fwp%2Fv2%2Fmedia&parent=383"}],"wp:term":[{"taxonomy":"category","embeddable":true,"href":"https:\/\/mycityofbeauty.com\/index.php?rest_route=%2Fwp%2Fv2%2Fcategories&post=383"},{"taxonomy":"post_tag","embeddable":true,"href":"https:\/\/mycityofbeauty.com\/index.php?rest_route=%2Fwp%2Fv2%2Ftags&post=383"}],"curies":[{"name":"wp","href":"https:\/\/api.w.org\/{rel}","templated":true}]}}